{"id":9284,"date":"2021-07-13T17:00:00","date_gmt":"2021-07-13T17:00:00","guid":{"rendered":"https:\/\/spsb.ch\/?p=9284"},"modified":"2021-07-13T18:01:14","modified_gmt":"2021-07-13T18:01:14","slug":"eid-schuetzenfest-lu2020","status":"publish","type":"post","link":"https:\/\/spsb.ch\/index.php\/2021\/07\/13\/eid-schuetzenfest-lu2020\/","title":{"rendered":"Eid. Sch\u00fctzenfest LU2020"},"content":{"rendered":"\n<p>Im vergangenen Jahr musstse das Eidg. Sch\u00fctzenfest wegen der Pandemie verschoben werden. Heuer nun konnten die Wettk\u00e4mpfe bestritten werden, weitgehend in den heimischen St\u00e4nden.<br>Wenn die Biezwiler Sportsch\u00fctzen nicht nach Luzern reisen k\u00f6nnen, holen wir Luzern in den &#171;Buechib\u00e4rg&#187;!<br>Die Stiche sind abgerechnet und die Sch\u00fctzenk\u00f6nige sind erkoren.<\/p>\n\n\n\n<div class=\"wp-block-file\"><a href=\"https:\/\/spsb.ch\/wp-content\/uploads\/2021\/07\/LU2021-1.pdf\">Vereinsliste LU2021<\/a><a href=\"https:\/\/spsb.ch\/wp-content\/uploads\/2021\/07\/LU2021-1.pdf\" class=\"wp-block-file__button\" download>Herunterladen<\/a><\/div>\n\n\n\n<p>Biezwiler Sch\u00fctzen geh\u00f6rten auch den Teams am St\u00e4ndematch an. Es waren dies: Bangerter Fritz, Eggli Anna &amp; Nina, J\u00e4ggi Rolf, Meister Urs sowie Saladin Andreas.<br>Im Dreistellungswettkampf der Junioren gewann Solothurn die Silbermedaille. Unsere Gratulation geht an das gesamte Team, insbesondere an Anna &amp; Nina.<\/p>\n\n\n\n<figure class=\"wp-block-image size-large is-resized\"><img loading=\"lazy\" decoding=\"async\" src=\"https:\/\/spsb.ch\/wp-content\/uploads\/2021\/07\/Staendematch-G50m.jpg\" alt=\"\" class=\"wp-image-9337\" width=\"431\" height=\"241\" srcset=\"https:\/\/spsb.ch\/wp-content\/uploads\/2021\/07\/Staendematch-G50m.jpg 876w, https:\/\/spsb.ch\/wp-content\/uploads\/2021\/07\/Staendematch-G50m-300x168.jpg 300w, https:\/\/spsb.ch\/wp-content\/uploads\/2021\/07\/Staendematch-G50m-600x336.jpg 600w\" sizes=\"auto, (max-width: 431px) 100vw, 431px\" \/><\/figure>\n\n\n\n<div class=\"wp-block-file\"><a href=\"https:\/\/spsb.ch\/wp-content\/uploads\/2021\/07\/50m-Gewehr-3-stellungen-Junioren-team.pdf\">50m-Gewehr-3-stellungen-Junioren-team<\/a><a href=\"https:\/\/spsb.ch\/wp-content\/uploads\/2021\/07\/50m-Gewehr-3-stellungen-Junioren-team.pdf\" class=\"wp-block-file__button\" download>Herunterladen<\/a><\/div>\n\n\n\n<div class=\"wp-block-file\"><a href=\"https:\/\/spsb.ch\/wp-content\/uploads\/2021\/07\/50m-Gewehr-3-stellungen-Junioren-einzel.pdf\">50m-Gewehr-3-stellungen-Junioren-einzel<\/a><a href=\"https:\/\/spsb.ch\/wp-content\/uploads\/2021\/07\/50m-Gewehr-3-stellungen-Junioren-einzel.pdf\" class=\"wp-block-file__button\" download>Herunterladen<\/a><\/div>\n\n\n\n<div class=\"wp-block-file\"><a href=\"https:\/\/spsb.ch\/wp-content\/uploads\/2021\/07\/300m-Sandardgewehr-2-stellungen.pdf\">300m-Sandardgewehr-2-stellungen<\/a><a href=\"https:\/\/spsb.ch\/wp-content\/uploads\/2021\/07\/300m-Sandardgewehr-2-stellungen.pdf\" class=\"wp-block-file__button\" download>Herunterladen<\/a><\/div>\n\n\n\n<div class=\"wp-block-file\"><a href=\"https:\/\/spsb.ch\/wp-content\/uploads\/2021\/07\/Ordonnanzgewehr-300m-2-stellung.pdf\">Ordonnanzgewehr-300m-2-stellung<\/a><a href=\"https:\/\/spsb.ch\/wp-content\/uploads\/2021\/07\/Ordonnanzgewehr-300m-2-stellung.pdf\" class=\"wp-block-file__button\" download>Herunterladen<\/a><\/div>\n\n\n\n<div class=\"wp-block-file\"><a href=\"https:\/\/spsb.ch\/wp-content\/uploads\/2021\/07\/Gewehr-300m-liegend-Elite.pdf\">Gewehr-300m-liegend-Elite<\/a><a href=\"https:\/\/spsb.ch\/wp-content\/uploads\/2021\/07\/Gewehr-300m-liegend-Elite.pdf\" class=\"wp-block-file__button\" download>Herunterladen<\/a><\/div>\n\n\n\nngg_shortcode_0_placeholder\n\n\n\n<p><\/p>\n","protected":false},"excerpt":{"rendered":"<p>Im vergangenen Jahr musstse das Eidg. Sch\u00fctzenfest wegen der Pandemie verschoben werden. Heuer nun konnten die Wettk\u00e4mpfe bestritten werden, weitgehend in den heimischen St\u00e4nden.Wenn die Biezwiler Sportsch\u00fctzen nicht nach Luzern reisen k\u00f6nnen, holen wir Luzern in den &#171;Buechib\u00e4rg&#187;!Die Stiche sind abgerechnet und die Sch\u00fctzenk\u00f6nige sind erkoren. Biezwiler Sch\u00fctzen geh\u00f6rten auch den Teams am St\u00e4ndematch an&#8230;.<\/p>\n","protected":false},"author":3,"featured_media":9300,"comment_status":"closed","ping_status":"closed","sticky":false,"template":"","format":"standard","meta":{"ngg_post_thumbnail":0,"footnotes":""},"categories":[1,32],"tags":[],"class_list":["post-9284","post","type-post","status-publish","format-standard","has-post-thumbnail","hentry","category-allgemein","category-g50m"],"featured_image_src":"https:\/\/spsb.ch\/wp-content\/uploads\/2021\/07\/20210613_133036-scaled-e1625415888688.jpg","author_info":{"display_name":"Monika Stuber","author_link":"https:\/\/spsb.ch\/index.php\/author\/mk-stuberbluewin-ch\/"},"_links":{"self":[{"href":"https:\/\/spsb.ch\/index.php\/wp-json\/wp\/v2\/posts\/9284","targetHints":{"allow":["GET"]}}],"collection":[{"href":"https:\/\/spsb.ch\/index.php\/wp-json\/wp\/v2\/posts"}],"about":[{"href":"https:\/\/spsb.ch\/index.php\/wp-json\/wp\/v2\/types\/post"}],"author":[{"embeddable":true,"href":"https:\/\/spsb.ch\/index.php\/wp-json\/wp\/v2\/users\/3"}],"replies":[{"embeddable":true,"href":"https:\/\/spsb.ch\/index.php\/wp-json\/wp\/v2\/comments?post=9284"}],"version-history":[{"count":9,"href":"https:\/\/spsb.ch\/index.php\/wp-json\/wp\/v2\/posts\/9284\/revisions"}],"predecessor-version":[{"id":9344,"href":"https:\/\/spsb.ch\/index.php\/wp-json\/wp\/v2\/posts\/9284\/revisions\/9344"}],"wp:featuredmedia":[{"embeddable":true,"href":"https:\/\/spsb.ch\/index.php\/wp-json\/wp\/v2\/media\/9300"}],"wp:attachment":[{"href":"https:\/\/spsb.ch\/index.php\/wp-json\/wp\/v2\/media?parent=9284"}],"wp:term":[{"taxonomy":"category","embeddable":true,"href":"https:\/\/spsb.ch\/index.php\/wp-json\/wp\/v2\/categories?post=9284"},{"taxonomy":"post_tag","embeddable":true,"href":"https:\/\/spsb.ch\/index.php\/wp-json\/wp\/v2\/tags?post=9284"}],"curies":[{"name":"wp","href":"https:\/\/api.w.org\/{rel}","templated":true}]}}