{"id":9061,"date":"2021-05-07T09:08:00","date_gmt":"2021-05-07T09:08:00","guid":{"rendered":"https:\/\/spsb.ch\/?p=9061"},"modified":"2021-05-07T09:29:25","modified_gmt":"2021-05-07T09:29:25","slug":"vorschau-volksschiessen-2021","status":"publish","type":"post","link":"https:\/\/spsb.ch\/index.php\/2021\/05\/07\/vorschau-volksschiessen-2021\/","title":{"rendered":"Absage Volksschiessen 2021"},"content":{"rendered":"\n<p>Nach reiflicher \u00dcberlegung hat sich der Vorstand dazu entschieden auch 2021 auf die Durchf\u00fchrung vom Volksschiessen zu verzichten.<\/p>\n\n\n\n<p>Der Entscheid ist uns auch in diesem Jahr nicht leicht gefallen. Dennoch erscheint er uns im jetzigen Zeitpunkt wichtig und richtig!<\/p>\n\n\n\n<p>Wir wollen die heuer anstehenden Ereignisse bestm\u00f6glich planen und geniessen, und f\u00fcr die Zukunft die Zuversicht nicht verlieren, dass 2022 ein Volksschiessen in der gewohnten und gesch\u00e4tzten Form m\u00f6glich sein wird.<\/p>\n\n\n\n<p>Danke euch allen f\u00fcr das Verst\u00e4ndnis.<\/p>\n\n\n\n<p>Wir freuen uns, wenn wir Sie liebe Sch\u00fctzen und G\u00e4ste 2022 wieder in Biezwil begr\u00fcssen d\u00fcrfen. Zwischenzeitlich w\u00fcnschen wir weiterhin alles Gute und beste Gesundheit. <\/p>\n\n\n\n<figure class=\"wp-block-image size-large is-resized\"><img loading=\"lazy\" decoding=\"async\" src=\"https:\/\/spsb.ch\/wp-content\/uploads\/2021\/04\/20190505_110931_-1024x482.jpg\" alt=\"\" class=\"wp-image-9064\" width=\"512\" height=\"241\" srcset=\"https:\/\/spsb.ch\/wp-content\/uploads\/2021\/04\/20190505_110931_-1024x482.jpg 1024w, https:\/\/spsb.ch\/wp-content\/uploads\/2021\/04\/20190505_110931_-300x141.jpg 300w, https:\/\/spsb.ch\/wp-content\/uploads\/2021\/04\/20190505_110931_-1536x723.jpg 1536w, https:\/\/spsb.ch\/wp-content\/uploads\/2021\/04\/20190505_110931_-2048x964.jpg 2048w, https:\/\/spsb.ch\/wp-content\/uploads\/2021\/04\/20190505_110931_-600x282.jpg 600w\" sizes=\"auto, (max-width: 512px) 100vw, 512px\" \/><\/figure>\n","protected":false},"excerpt":{"rendered":"<p>Nach reiflicher \u00dcberlegung hat sich der Vorstand dazu entschieden auch 2021 auf die Durchf\u00fchrung vom Volksschiessen zu verzichten. Der Entscheid ist uns auch in diesem Jahr nicht leicht gefallen. Dennoch erscheint er uns im jetzigen Zeitpunkt wichtig und richtig! Wir wollen die heuer anstehenden Ereignisse bestm\u00f6glich planen und geniessen, und f\u00fcr die Zukunft die Zuversicht&#8230;<\/p>\n","protected":false},"author":3,"featured_media":9068,"comment_status":"closed","ping_status":"closed","sticky":false,"template":"","format":"standard","meta":{"ngg_post_thumbnail":0,"footnotes":""},"categories":[1,32],"tags":[],"class_list":["post-9061","post","type-post","status-publish","format-standard","has-post-thumbnail","hentry","category-allgemein","category-g50m"],"featured_image_src":"https:\/\/spsb.ch\/wp-content\/uploads\/2021\/04\/20190506_144747-scaled.jpg","author_info":{"display_name":"Monika Stuber","author_link":"https:\/\/spsb.ch\/index.php\/author\/mk-stuberbluewin-ch\/"},"_links":{"self":[{"href":"https:\/\/spsb.ch\/index.php\/wp-json\/wp\/v2\/posts\/9061","targetHints":{"allow":["GET"]}}],"collection":[{"href":"https:\/\/spsb.ch\/index.php\/wp-json\/wp\/v2\/posts"}],"about":[{"href":"https:\/\/spsb.ch\/index.php\/wp-json\/wp\/v2\/types\/post"}],"author":[{"embeddable":true,"href":"https:\/\/spsb.ch\/index.php\/wp-json\/wp\/v2\/users\/3"}],"replies":[{"embeddable":true,"href":"https:\/\/spsb.ch\/index.php\/wp-json\/wp\/v2\/comments?post=9061"}],"version-history":[{"count":4,"href":"https:\/\/spsb.ch\/index.php\/wp-json\/wp\/v2\/posts\/9061\/revisions"}],"predecessor-version":[{"id":9073,"href":"https:\/\/spsb.ch\/index.php\/wp-json\/wp\/v2\/posts\/9061\/revisions\/9073"}],"wp:featuredmedia":[{"embeddable":true,"href":"https:\/\/spsb.ch\/index.php\/wp-json\/wp\/v2\/media\/9068"}],"wp:attachment":[{"href":"https:\/\/spsb.ch\/index.php\/wp-json\/wp\/v2\/media?parent=9061"}],"wp:term":[{"taxonomy":"category","embeddable":true,"href":"https:\/\/spsb.ch\/index.php\/wp-json\/wp\/v2\/categories?post=9061"},{"taxonomy":"post_tag","embeddable":true,"href":"https:\/\/spsb.ch\/index.php\/wp-json\/wp\/v2\/tags?post=9061"}],"curies":[{"name":"wp","href":"https:\/\/api.w.org\/{rel}","templated":true}]}}