{"id":10626,"date":"2023-07-01T14:57:18","date_gmt":"2023-07-01T14:57:18","guid":{"rendered":"https:\/\/spsb.ch\/?p=10626"},"modified":"2023-07-03T04:59:49","modified_gmt":"2023-07-03T04:59:49","slug":"gm-final-ssv-in-thun","status":"publish","type":"post","link":"https:\/\/spsb.ch\/index.php\/2023\/07\/01\/gm-final-ssv-in-thun\/","title":{"rendered":"GM-Final SSV in Thun"},"content":{"rendered":"\n<p><strong>Biezwil belegt den ausgezeichneten 16. Schlussrang! BRAVO<\/strong><br>Am 1.7.2023 fand der GM-Final in Thun statt. Nebst Balsthal (3 Gruppen) hat sich auch Biezwil I im 30. Rang in der Elite qualifizieren k\u00f6nnen. Die Sch\u00fctzinnen Anna &amp; Nina Eggli (kniend) sowie Pascal Abrecht, David Sch\u00f6nholzer und Bernhard Stuber (liegend), zeigten eine verhaltene erste Runde, konnten sich in der zweiten Qualifikationsrunde um 10 Punkte steigern und sicherten sich so den ausgezeichneten 16. Schlussrang. Verst\u00e4ndlicherweise war der Gruppenchef Stefan Moser mit seinem Team zufrieden. \ud83d\ude42<\/p>\n\n\n\n<div class=\"wp-block-file\"><a id=\"wp-block-file--media-12639826-845c-4b9f-ba97-d44fe4f8e169\" href=\"https:\/\/spsb.ch\/wp-content\/uploads\/2023\/07\/2023_07_01_GM-Final-Thun.pdf\" target=\"_blank\" rel=\"noreferrer noopener\">Qualifikationsrangliste Elite<\/a><a href=\"https:\/\/spsb.ch\/wp-content\/uploads\/2023\/07\/2023_07_01_GM-Final-Thun.pdf\" class=\"wp-block-file__button\" download aria-describedby=\"wp-block-file--media-12639826-845c-4b9f-ba97-d44fe4f8e169\">Herunterladen<\/a><\/div>\n\n\n\n<div class=\"wp-block-file\"><a id=\"wp-block-file--media-f07d6f25-ea4a-432d-9975-b02fa3cc9506\" href=\"https:\/\/spsb.ch\/wp-content\/uploads\/2023\/07\/2023_07_01_GM-Final-Thun_Final.pdf\" target=\"_blank\" rel=\"noreferrer noopener\">Finalrangliste Elite<\/a><a href=\"https:\/\/spsb.ch\/wp-content\/uploads\/2023\/07\/2023_07_01_GM-Final-Thun_Final.pdf\" class=\"wp-block-file__button\" download aria-describedby=\"wp-block-file--media-f07d6f25-ea4a-432d-9975-b02fa3cc9506\">Herunterladen<\/a><\/div>\n\n\n\n<figure class=\"wp-block-image size-large is-resized is-style-default\"><img loading=\"lazy\" decoding=\"async\" src=\"https:\/\/spsb.ch\/wp-content\/uploads\/2023\/07\/GM-Final-Thun-1024x768.jpg\" alt=\"\" class=\"wp-image-10629\" width=\"512\" height=\"384\" srcset=\"https:\/\/spsb.ch\/wp-content\/uploads\/2023\/07\/GM-Final-Thun-1024x768.jpg 1024w, https:\/\/spsb.ch\/wp-content\/uploads\/2023\/07\/GM-Final-Thun-300x225.jpg 300w, https:\/\/spsb.ch\/wp-content\/uploads\/2023\/07\/GM-Final-Thun-1536x1152.jpg 1536w, https:\/\/spsb.ch\/wp-content\/uploads\/2023\/07\/GM-Final-Thun-2048x1536.jpg 2048w, https:\/\/spsb.ch\/wp-content\/uploads\/2023\/07\/GM-Final-Thun-600x450.jpg 600w\" sizes=\"auto, (max-width: 512px) 100vw, 512px\" \/><\/figure>\n","protected":false},"excerpt":{"rendered":"<p>Biezwil belegt den ausgezeichneten 16. Schlussrang! BRAVOAm 1.7.2023 fand der GM-Final in Thun statt. Nebst Balsthal (3 Gruppen) hat sich auch Biezwil I im 30. Rang in der Elite qualifizieren k\u00f6nnen. Die Sch\u00fctzinnen Anna &amp; Nina Eggli (kniend) sowie Pascal Abrecht, David Sch\u00f6nholzer und Bernhard Stuber (liegend), zeigten eine verhaltene erste Runde, konnten sich in&#8230;<\/p>\n","protected":false},"author":3,"featured_media":10629,"comment_status":"closed","ping_status":"closed","sticky":true,"template":"","format":"standard","meta":{"ngg_post_thumbnail":0,"footnotes":""},"categories":[32,27],"tags":[],"class_list":["post-10626","post","type-post","status-publish","format-standard","has-post-thumbnail","hentry","category-g50m","category-resultate"],"featured_image_src":"https:\/\/spsb.ch\/wp-content\/uploads\/2023\/07\/GM-Final-Thun-scaled.jpg","author_info":{"display_name":"Monika Stuber","author_link":"https:\/\/spsb.ch\/index.php\/author\/mk-stuberbluewin-ch\/"},"_links":{"self":[{"href":"https:\/\/spsb.ch\/index.php\/wp-json\/wp\/v2\/posts\/10626","targetHints":{"allow":["GET"]}}],"collection":[{"href":"https:\/\/spsb.ch\/index.php\/wp-json\/wp\/v2\/posts"}],"about":[{"href":"https:\/\/spsb.ch\/index.php\/wp-json\/wp\/v2\/types\/post"}],"author":[{"embeddable":true,"href":"https:\/\/spsb.ch\/index.php\/wp-json\/wp\/v2\/users\/3"}],"replies":[{"embeddable":true,"href":"https:\/\/spsb.ch\/index.php\/wp-json\/wp\/v2\/comments?post=10626"}],"version-history":[{"count":2,"href":"https:\/\/spsb.ch\/index.php\/wp-json\/wp\/v2\/posts\/10626\/revisions"}],"predecessor-version":[{"id":10632,"href":"https:\/\/spsb.ch\/index.php\/wp-json\/wp\/v2\/posts\/10626\/revisions\/10632"}],"wp:featuredmedia":[{"embeddable":true,"href":"https:\/\/spsb.ch\/index.php\/wp-json\/wp\/v2\/media\/10629"}],"wp:attachment":[{"href":"https:\/\/spsb.ch\/index.php\/wp-json\/wp\/v2\/media?parent=10626"}],"wp:term":[{"taxonomy":"category","embeddable":true,"href":"https:\/\/spsb.ch\/index.php\/wp-json\/wp\/v2\/categories?post=10626"},{"taxonomy":"post_tag","embeddable":true,"href":"https:\/\/spsb.ch\/index.php\/wp-json\/wp\/v2\/tags?post=10626"}],"curies":[{"name":"wp","href":"https:\/\/api.w.org\/{rel}","templated":true}]}}