{"id":10023,"date":"2022-05-15T12:52:50","date_gmt":"2022-05-15T12:52:50","guid":{"rendered":"https:\/\/spsb.ch\/?p=10023"},"modified":"2023-07-09T20:02:33","modified_gmt":"2023-07-09T20:02:33","slug":"volksschiessen-2022-2","status":"publish","type":"post","link":"https:\/\/spsb.ch\/index.php\/2022\/05\/15\/volksschiessen-2022-2\/","title":{"rendered":"Volksschiessen 2022"},"content":{"rendered":"\n<p>Es ist soweit, das traditionelle Volksschiessen steht vor der T\u00fcr! Nach 2-j\u00e4hrigem Unterbruch freuen wir uns umso mehr, diesen Anlass ein weiteres Mal zu organisieren.<\/p>\n\n\n<div class=\"wp-block-image\">\n<figure class=\"aligncenter size-full is-resized\"><img loading=\"lazy\" decoding=\"async\" src=\"https:\/\/spsb.ch\/wp-content\/uploads\/2022\/05\/Flyer_Volksschiessen_2022_V01.jpg\" alt=\"\" class=\"wp-image-10025\" width=\"768\" height=\"546\" srcset=\"https:\/\/spsb.ch\/wp-content\/uploads\/2022\/05\/Flyer_Volksschiessen_2022_V01.jpg 1024w, https:\/\/spsb.ch\/wp-content\/uploads\/2022\/05\/Flyer_Volksschiessen_2022_V01-300x213.jpg 300w, https:\/\/spsb.ch\/wp-content\/uploads\/2022\/05\/Flyer_Volksschiessen_2022_V01-600x427.jpg 600w\" sizes=\"auto, (max-width: 768px) 100vw, 768px\" \/><\/figure>\n<\/div>\n\n\n<p>Bereits jetzt bedanken wir uns bei allen Helferinnen und Helfer sowie Sponsoren f\u00fcr die grossz\u00fcgige Unterst\u00fctzung.<\/p>\n\n\n\n<div data-wp-interactive=\"core\/file\" class=\"wp-block-file\"><object data-wp-bind--hidden=\"!state.hasPdfPreview\" hidden class=\"wp-block-file__embed\" data=\"https:\/\/spsb.ch\/wp-content\/uploads\/2022\/05\/Liste-Sponsoren-2022.pdf\" type=\"application\/pdf\" style=\"width:100%;height:500px\" aria-label=\"Einbettung von PDF-Einbettung.\"><\/object><\/div>\n\n\n\n<p>Weitere Informationen zum Anlass sind unter der Rubrik <a href=\"https:\/\/spsb.ch\/index.php\/volksschiessen\/\">Volksschiessen<\/a> zu finden. Wir freuen uns, Sie im Schiesstand sowie im Grotto Ticinese begr\u00fcssen zu d\u00fcrfen.<\/p>\n","protected":false},"excerpt":{"rendered":"<p>Es ist soweit, das traditionelle Volksschiessen steht vor der T\u00fcr! Nach 2-j\u00e4hrigem Unterbruch freuen wir uns umso mehr, diesen Anlass ein weiteres Mal zu organisieren. Bereits jetzt bedanken wir uns bei allen Helferinnen und Helfer sowie Sponsoren f\u00fcr die grossz\u00fcgige Unterst\u00fctzung. Weitere Informationen zum Anlass sind unter der Rubrik Volksschiessen zu finden. Wir freuen uns,&#8230;<\/p>\n","protected":false},"author":4,"featured_media":9062,"comment_status":"closed","ping_status":"closed","sticky":false,"template":"","format":"standard","meta":{"ngg_post_thumbnail":0,"footnotes":""},"categories":[1],"tags":[],"class_list":["post-10023","post","type-post","status-publish","format-standard","has-post-thumbnail","hentry","category-allgemein"],"featured_image_src":"https:\/\/spsb.ch\/wp-content\/uploads\/2021\/04\/grafik-e1652618629510.png","author_info":{"display_name":"Pascal Abrecht","author_link":"https:\/\/spsb.ch\/index.php\/author\/pascal-abrechthotmail-com\/"},"_links":{"self":[{"href":"https:\/\/spsb.ch\/index.php\/wp-json\/wp\/v2\/posts\/10023","targetHints":{"allow":["GET"]}}],"collection":[{"href":"https:\/\/spsb.ch\/index.php\/wp-json\/wp\/v2\/posts"}],"about":[{"href":"https:\/\/spsb.ch\/index.php\/wp-json\/wp\/v2\/types\/post"}],"author":[{"embeddable":true,"href":"https:\/\/spsb.ch\/index.php\/wp-json\/wp\/v2\/users\/4"}],"replies":[{"embeddable":true,"href":"https:\/\/spsb.ch\/index.php\/wp-json\/wp\/v2\/comments?post=10023"}],"version-history":[{"count":6,"href":"https:\/\/spsb.ch\/index.php\/wp-json\/wp\/v2\/posts\/10023\/revisions"}],"predecessor-version":[{"id":10645,"href":"https:\/\/spsb.ch\/index.php\/wp-json\/wp\/v2\/posts\/10023\/revisions\/10645"}],"wp:featuredmedia":[{"embeddable":true,"href":"https:\/\/spsb.ch\/index.php\/wp-json\/wp\/v2\/media\/9062"}],"wp:attachment":[{"href":"https:\/\/spsb.ch\/index.php\/wp-json\/wp\/v2\/media?parent=10023"}],"wp:term":[{"taxonomy":"category","embeddable":true,"href":"https:\/\/spsb.ch\/index.php\/wp-json\/wp\/v2\/categories?post=10023"},{"taxonomy":"post_tag","embeddable":true,"href":"https:\/\/spsb.ch\/index.php\/wp-json\/wp\/v2\/tags?post=10023"}],"curies":[{"name":"wp","href":"https:\/\/api.w.org\/{rel}","templated":true}]}}